{"id":142,"date":"2022-09-28T15:59:42","date_gmt":"2022-09-28T13:59:42","guid":{"rendered":"https:\/\/blog.aureakinesis.fr\/?p=142"},"modified":"2022-10-25T21:54:42","modified_gmt":"2022-10-25T19:54:42","slug":"comprendre-les-fascias","status":"publish","type":"post","link":"https:\/\/blog.aureakinesis.fr\/index.php\/2022\/09\/28\/comprendre-les-fascias\/","title":{"rendered":"Les fascias, c&#8217;est quoi?"},"content":{"rendered":"<div class=\"yoast-breadcrumbs\"><span><span><a href=\"https:\/\/blog.aureakinesis.fr\/\">Accueil<\/a><\/span> \u00bb <span><a href=\"https:\/\/blog.aureakinesis.fr\/index.php\/category\/les-fascias\/\">Les fascias<\/a><\/span> \u00bb <span class=\"breadcrumb_last\" aria-current=\"page\"><strong>Les fascias, c&rsquo;est quoi?<\/strong><\/span><\/span><\/div>\n\n\n<p style=\"font-style:normal;font-weight:600\">Omnipr\u00e9sents dans l\u2019organisme, les fascias sont des membranes qui recouvrent l\u2019ensemble des structures du corps et les relient entre elles. Sont concern\u00e9s muscles, cr\u00e2ne, os, organes, visc\u00e8res, vaisseaux, cellules\u2026 Ils sont les supports de votre globalit\u00e9 anatomique aux propri\u00e9t\u00e9s biom\u00e9caniques (mouvement, \u00e9nergie) et biologiques (activit\u00e9 cellulaire, protection des organes vitaux, syst\u00e8me immunitaire). Un traumatisme physique, psychologique, ou \u00e9motionnel peut par cons\u00e9quence d\u00e9s\u00e9quilibrer tout l\u2019\u00e9difice. Il s\u2019inscrit alors dans votre corps (somatisations), entra\u00eenant douleurs, dysfonctionnements et pathologies.<\/p>\n\n\n\n<div class=\"wp-block-group alignfull has-secondary-background-color has-background\"><div class=\"wp-block-group__inner-container is-layout-flow wp-block-group-is-layout-flow\">\n<div class=\"wp-block-columns alignwide is-layout-flex wp-container-core-columns-is-layout-9d6595d7 wp-block-columns-is-layout-flex\">\n<div class=\"wp-block-column is-layout-flow wp-block-column-is-layout-flow\">\n<h2 class=\"has-text-align-right wp-block-heading\" style=\"font-style:normal;font-weight:300\">D\u00e9finition<\/h2>\n\n\n\n<p>Un&nbsp;<strong>fascia<\/strong>&nbsp;(prononciation&nbsp;:&nbsp;\\fa.sja\\) est une&nbsp;membrane&nbsp;fibro-\u00e9lastique qui recouvre ou enveloppe une structure&nbsp;anatomique. Il est compos\u00e9 de&nbsp;tissu conjonctif&nbsp;tr\u00e8s riche en fibres de&nbsp;collag\u00e8ne. Les fascias, de par leurs propri\u00e9t\u00e9s visco-\u00e9lastiques notamment, jouent un r\u00f4le&nbsp;biom\u00e9canique&nbsp;essentiel&nbsp;; ils sont aussi connus pour \u00eatre des structures passives de transmission des contraintes g\u00e9n\u00e9r\u00e9es par l&#8217;activit\u00e9 musculaire ou des&nbsp;forces ext\u00e9rieures&nbsp;au corps.<\/p>\n\n\n\n<p>Il a \u00e9galement \u00e9t\u00e9 montr\u00e9 qu&#8217;ils sont capables de se contracter et d&#8217;avoir une influence sur la dynamique musculaire et que leur innervation sensitive participait \u00e0 la&nbsp;proprioception&nbsp;et \u00e0 la&nbsp;nociception&nbsp;(ils sont plus riches que le muscle en terminaisons nerveuses impliqu\u00e9es dans la sensation de douleur).<\/p>\n\n\n\n<p>La teneur en eau des fascias et l&#8217;acide hyaluronique&nbsp;jouent un r\u00f4le dans leur souplesse et fonctionnalit\u00e9.<\/p>\n<\/div>\n\n\n\n<div class=\"wp-block-column is-layout-flow wp-block-column-is-layout-flow\">\n<h2 class=\"wp-block-heading\" style=\"font-style:normal;font-weight:300\">et historique<\/h2>\n\n\n\n<p>Le nom&nbsp;<em>fascia<\/em>, en latin, signifie \u00ab&nbsp;bandelette&nbsp;\u00bb. En&nbsp;1799&nbsp;Xavier Bichat&nbsp;publie une premi\u00e8re \u00e9tude anatomique des fascia sous le nom de&nbsp;<em>membranes<\/em>. Dans son introduction, il constate&nbsp;: \u00ab&nbsp;les membranes n&#8217;ont point \u00e9t\u00e9 jusqu&#8217;ici un objet particulier de recherche pour les anatomistes&nbsp;\u00bb.&nbsp;<\/p>\n\n\n\n<p>En&nbsp;1858,&nbsp;Henry Gray&nbsp;propose la d\u00e9finition suivante du fascia&nbsp;: \u00ab&nbsp;une masse de tissu conjonctif assez importante, visible \u00e0 l&#8217;\u0153il nu et dont les fibres sont entrelac\u00e9es&nbsp;\u00bb.<\/p>\n\n\n\n<p>La technique chirurgicale du lambeau permet d&#8217;utiliser certains fascias en chirurgie. On peut utiliser aussi des fascias pour reconstruire un&nbsp;tympan&nbsp;crev\u00e9 dans l&#8217;oreille (myringoplastie). On peut aussi greffer des fascias, avec un c\u0153ur par exemple.<\/p>\n\n\n\n<p>Plus r\u00e9cemment, on a montr\u00e9 que certains messages biochimiques (hormonaux, y compris \u00e9mis en condition de&nbsp;stress \u00e9motionnel), provoquent la contraction des fascias de mani\u00e8re ind\u00e9pendante des stimuli musculaires ou nerveux.<\/p>\n<\/div>\n<\/div>\n<\/div><\/div>\n\n\n\n<div class=\"wp-block-group alignfull has-subtle-background-background-color has-background\"><div class=\"wp-block-group__inner-container is-layout-flow wp-block-group-is-layout-flow\">\n<h2 class=\"has-text-align-center has-accent-color has-text-color wp-block-heading\" style=\"font-style:normal;font-weight:300\">Les fascias vus de pr\u00eat<\/h2>\n\n\n\n<div class=\"wp-block-media-text alignwide is-stacked-on-mobile\" style=\"grid-template-columns:46% auto\"><figure class=\"wp-block-media-text__media\"><img fetchpriority=\"high\" decoding=\"async\" width=\"482\" height=\"420\" src=\"https:\/\/blog.aureakinesis.fr\/wp-content\/uploads\/2022\/10\/Pamplemousse.png\" alt=\"\" class=\"wp-image-511 size-full\" srcset=\"https:\/\/blog.aureakinesis.fr\/wp-content\/uploads\/2022\/10\/Pamplemousse.png 482w, https:\/\/blog.aureakinesis.fr\/wp-content\/uploads\/2022\/10\/Pamplemousse-300x261.png 300w\" sizes=\"(max-width: 482px) 100vw, 482px\" \/><\/figure><div class=\"wp-block-media-text__content\">\n<p class=\"has-primary-color has-text-color\">Une personne n&#8217;est gu\u00e8re diff\u00e9rente d&#8217;un pamplemousse dans sa construction. La peau de celui-ci ressemble beaucoup \u00e0 notre peau. Elle est con\u00e7ue pour \u00e9changer avec le monde ext\u00e9rieur. L&#8217;\u00e9corse ressemble au &#8220;costume de graisse&#8221; que nous portons tous, repr\u00e9sent\u00e9 ci-dessous par cette dissection. Une paroi s\u00e9pare chaque segment du suivant comme nous le voyons lorsque nous coupons le pamplemousse en deux. Mais si nous le pelons et que nous s\u00e9parons les quartiers, nous r\u00e9alisons que ce qui semble \u00eatre une seule paroi est en r\u00e9alit\u00e9 double. Une moiti\u00e9 va avec chaque quartier. Les septums (parois) intermusculaires sont constitu\u00e9s de la m\u00eame fa\u00e7on. <em>(Copyright Anatomy Trains, Thomas W. Myers)<\/em><\/p>\n<\/div><\/div>\n\n\n\n<div class=\"wp-block-media-text alignwide has-media-on-the-right is-stacked-on-mobile\" style=\"grid-template-columns:auto 52%\"><figure class=\"wp-block-media-text__media\"><img decoding=\"async\" width=\"510\" height=\"578\" src=\"https:\/\/blog.aureakinesis.fr\/wp-content\/uploads\/2022\/10\/dissection-1.png\" alt=\"\" class=\"wp-image-507 size-full\" srcset=\"https:\/\/blog.aureakinesis.fr\/wp-content\/uploads\/2022\/10\/dissection-1.png 510w, https:\/\/blog.aureakinesis.fr\/wp-content\/uploads\/2022\/10\/dissection-1-265x300.png 265w\" sizes=\"(max-width: 510px) 100vw, 510px\" \/><\/figure><div class=\"wp-block-media-text__content\">\n<p>Une extraordinaire dissection en une seuke pi\u00e8ce de la couche ar\u00e9olaire\/adipeuse du fascia superficiel. Cette image n&#8217;inclut pas la couche dermique de la peau, mais elle inclut la graisse, la matrice de collag\u00e8ne autour de la graisse et les nombreux leucocytes pr\u00e9sents au niveau histologique. Nous voyons ici le sp\u00e9cimen entier du donneur. Cette couche fasciale vue comme un organe quasi autonome, s&#8217;apparente un peu \u00e0 l&#8217;\u00e9corce du pamplemousse repr\u00e9sent\u00e9e ci dessus. <em>(Copyright Gil Hedley, 2005)<\/em><\/p>\n\n\n\n<figure class=\"wp-block-image size-full is-resized\"><img decoding=\"async\" src=\"https:\/\/blog.aureakinesis.fr\/wp-content\/uploads\/2022\/10\/dissection-3.png\" alt=\"\" class=\"wp-image-510\" width=\"508\" height=\"336\" srcset=\"https:\/\/blog.aureakinesis.fr\/wp-content\/uploads\/2022\/10\/dissection-3.png 514w, https:\/\/blog.aureakinesis.fr\/wp-content\/uploads\/2022\/10\/dissection-3-300x198.png 300w\" sizes=\"(max-width: 508px) 100vw, 508px\" \/><figcaption><em>Dissection par Laboratories of Anatomical Enlightenment.<\/em> Il existe une  &#8220;continuit\u00e9 myofascial &#8221; entre le dentel\u00e9 ant\u00e9rieur et l&#8217;oblique interne. Le &#8220;m\u00e9ridien myofacial&#8221; est en r\u00e9alit\u00e9 une portion interconnect\u00e9e de ces voies tendineuses et musculaires connect\u00e9es.<\/figcaption><\/figure>\n<\/div><\/div>\n\n\n\n<div class=\"wp-block-media-text alignwide is-stacked-on-mobile\" style=\"grid-template-columns:46% auto\"><figure class=\"wp-block-media-text__media\"><img loading=\"lazy\" decoding=\"async\" width=\"600\" height=\"331\" src=\"https:\/\/blog.aureakinesis.fr\/wp-content\/uploads\/2022\/10\/vue-rapproche\u0301e-dun-re\u0301seau-de-fascias.png\" alt=\"Grossissement du myofasci, cela ressemble \u00e0 de la &quot;barbe \u00e0 papa&quot;. Repr\u00e9sente le tissu collag\u00e8ne endo- et p\u00e9rimysial.\" class=\"wp-image-332 size-full\" srcset=\"https:\/\/blog.aureakinesis.fr\/wp-content\/uploads\/2022\/10\/vue-rapproche\u0301e-dun-re\u0301seau-de-fascias.png 600w, https:\/\/blog.aureakinesis.fr\/wp-content\/uploads\/2022\/10\/vue-rapproche\u0301e-dun-re\u0301seau-de-fascias-300x166.png 300w\" sizes=\"(max-width: 600px) 100vw, 600px\" \/><\/figure><div class=\"wp-block-media-text__content\">\n<p>Grossissement du myofascia : la &#8220;barbe \u00e0 papa&#8221;repr\u00e9sente le tissu collag\u00e8ne endo- et p\u00e9rimysial.<\/p>\n\n\n\n<p class=\"has-accent-color has-text-color has-small-font-size\"><em>Copyright ZDF 2017<\/em><\/p>\n<\/div><\/div>\n\n\n\n<div class=\"wp-block-media-text alignwide is-stacked-on-mobile is-vertically-aligned-top is-image-fill\" style=\"grid-template-columns:46% auto\"><figure class=\"wp-block-media-text__media\" style=\"background-image:url(https:\/\/blog.aureakinesis.fr\/wp-content\/uploads\/2022\/10\/vue-microscopique-dun-re\u0301seau-de-fascias-4.png);background-position:50% 50%\"><img loading=\"lazy\" decoding=\"async\" width=\"600\" height=\"327\" src=\"https:\/\/blog.aureakinesis.fr\/wp-content\/uploads\/2022\/10\/vue-microscopique-dun-re\u0301seau-de-fascias-4.png\" alt=\"Fascias grossis plusieurs fois. Les fibrilles creuses, qui cr\u00e9ent un ensemble de gr\u00e9ements et de voiles. Aspect transparent et collant.\" class=\"wp-image-328 size-full\" srcset=\"https:\/\/blog.aureakinesis.fr\/wp-content\/uploads\/2022\/10\/vue-microscopique-dun-re\u0301seau-de-fascias-4.png 600w, https:\/\/blog.aureakinesis.fr\/wp-content\/uploads\/2022\/10\/vue-microscopique-dun-re\u0301seau-de-fascias-4-300x164.png 300w\" sizes=\"(max-width: 600px) 100vw, 600px\" \/><\/figure><div class=\"wp-block-media-text__content\">\n<p>Vue au microscope. Les fibrilles creuses, collantes, \u00e9lastiques en interaction r\u00e9active permanente avec les vacuoles. Elles cr\u00e9ent un ensemble de gr\u00e9ements et de voiles qui change \u00e0 chaque traction ou mouvement venu de l&#8217;ext\u00e9rieur.<\/p>\n\n\n\n<figure class=\"wp-block-image is-resized\"><img loading=\"lazy\" decoding=\"async\" src=\"https:\/\/blog.aureakinesis.fr\/wp-content\/uploads\/2022\/10\/vue-microscopique-dun-re\u0301seau-de-fascias-goutelettes.png\" alt=\"Fascias vus au microscope. Fibrilles creuses, deux files transparents ponctu\u00e9es de gouttelettes transparentes, comme des gouttes de miel translucides.\" class=\"wp-image-334\" width=\"573\" height=\"312\" srcset=\"https:\/\/blog.aureakinesis.fr\/wp-content\/uploads\/2022\/10\/vue-microscopique-dun-re\u0301seau-de-fascias-goutelettes.png 600w, https:\/\/blog.aureakinesis.fr\/wp-content\/uploads\/2022\/10\/vue-microscopique-dun-re\u0301seau-de-fascias-goutelettes-300x164.png 300w\" sizes=\"(max-width: 573px) 100vw, 573px\" \/><figcaption><em>Copyright ZDF 2017<\/em><\/figcaption><\/figure>\n<\/div><\/div>\n\n\n\n<div class=\"wp-block-media-text alignwide is-stacked-on-mobile is-vertically-aligned-center\" style=\"grid-template-columns:47% auto\"><figure class=\"wp-block-media-text__media\"><img loading=\"lazy\" decoding=\"async\" width=\"600\" height=\"327\" src=\"https:\/\/blog.aureakinesis.fr\/wp-content\/uploads\/2022\/10\/vue-microscopique-dun-re\u0301seau-de-fascias-2.png\" alt=\"Fascias au microscope. Aspect d'alv\u00e9oles, ou bulles de savon transparentes, ou m\u00eame de morve.\" class=\"wp-image-330 size-full\" srcset=\"https:\/\/blog.aureakinesis.fr\/wp-content\/uploads\/2022\/10\/vue-microscopique-dun-re\u0301seau-de-fascias-2.png 600w, https:\/\/blog.aureakinesis.fr\/wp-content\/uploads\/2022\/10\/vue-microscopique-dun-re\u0301seau-de-fascias-2-300x164.png 300w\" sizes=\"(max-width: 600px) 100vw, 600px\" \/><\/figure><div class=\"wp-block-media-text__content\">\n<p>Les fibrilles, faites de collag\u00e8ne et d&#8217;\u00e9lastine construisent par leur croisement des microvacuoles remplies de gel hydrophile.<\/p>\n\n\n\n<p class=\"has-accent-color has-text-color has-small-font-size\"><em>Copyright ZDF 2017<\/em><\/p>\n<\/div><\/div>\n<\/div><\/div>\n\n\n\n<h2 class=\"alignwide has-text-align-center has-accent-color has-text-color wp-block-heading\" style=\"font-style:normal;font-weight:300\">Les alli\u00e9s cach\u00e9s de notre organisme Les fascias ARTE &#8211; vid\u00e9o<\/h2>\n\n\n\n<div class=\"wp-block-group alignwide\"><div class=\"wp-block-group__inner-container is-layout-flow wp-block-group-is-layout-flow\">\n<div class=\"wp-block-columns alignwide is-layout-flex wp-container-core-columns-is-layout-9d6595d7 wp-block-columns-is-layout-flex\">\n<div class=\"wp-block-column is-layout-flow wp-block-column-is-layout-flow\">\n<div style=\"height:35px\" aria-hidden=\"true\" class=\"wp-block-spacer\"><\/div>\n\n\n\n<p class=\"has-text-align-right has-small-font-size\">Gros plan sur notre tissu fascial, qui entoure \u00e0 la mani\u00e8re d&#8217;un bandage \u00e0 la fois dense et irr\u00e9gulier les \u00e9l\u00e9ments composant notre corps: Nos organes, nos muscles, nos os. Cet organe m\u00e9connu et vital suscite parmi les chercheurs en m\u00e9decine un int\u00e9r\u00eat et un espoir croissants. Visibles \u00e0 l&#8217;\u00e9chographie, sensibles \u00e0 l&#8217;acupuncture et \u00e0 la pression manuelle, facilement endommag\u00e9s par le stress et l&#8217;inaction physique. Les fascias pourraient en effet se r\u00e9v\u00e9ler l&#8217;origine m\u00e9connue de nombreuses pathologies, dont les douleurs dorsales, qu&#8217;elles soient chroniques ou non. L&#8217;approfondissement des connaissances en la mati\u00e8re est donc susceptible d&#8217;ouvrir de nouvelles pistes th\u00e9rapeutiques, y compris dans la lutte contre le cancer.<\/p>\n<\/div>\n\n\n\n<div class=\"wp-block-column is-layout-flow wp-block-column-is-layout-flow\">\n<figure class=\"wp-block-embed is-type-video is-provider-youtube wp-block-embed-youtube wp-embed-aspect-16-9 wp-has-aspect-ratio\"><div class=\"wp-block-embed__wrapper\">\n<iframe title=\"Les alli\u00e9s cach\u00e9s de notre organisme   Les fascias ARTE\" width=\"580\" height=\"326\" src=\"https:\/\/www.youtube.com\/embed\/2lKDcNvQ9FQ?feature=oembed\" frameborder=\"0\" allow=\"accelerometer; autoplay; clipboard-write; encrypted-media; gyroscope; picture-in-picture; web-share\" referrerpolicy=\"strict-origin-when-cross-origin\" allowfullscreen><\/iframe>\n<\/div><\/figure>\n<\/div>\n<\/div>\n<\/div><\/div>\n\n\n\n<div class=\"wp-block-group alignfull has-secondary-background-color has-background\"><div class=\"wp-block-group__inner-container is-layout-flow wp-block-group-is-layout-flow\">\n<h2 class=\"alignwide has-text-align-center has-background-color has-text-color wp-block-heading\" style=\"font-style:normal;font-weight:300\">Ouvrages et liens de r\u00e9f\u00e9rence<\/h2>\n\n\n\n<div class=\"wp-block-media-text alignwide is-stacked-on-mobile\" style=\"grid-template-columns:43% auto\"><figure class=\"wp-block-media-text__media\"><a href=\"https:\/\/www.google.fr\/books\/edition\/Anatomy_Trains\/7YtoDwAAQBAJ?hl=fr&amp;gbpv=0\" target=\"_blank\" rel=\"noreferrer noopener\"><img loading=\"lazy\" decoding=\"async\" width=\"1364\" height=\"1724\" src=\"https:\/\/blog.aureakinesis.fr\/wp-content\/uploads\/2022\/10\/Anatomy-trains.png\" alt=\"Couverture du livre Anatomy trains de Thomas W. Myers.\" class=\"wp-image-476 size-full\" srcset=\"https:\/\/blog.aureakinesis.fr\/wp-content\/uploads\/2022\/10\/Anatomy-trains.png 1364w, https:\/\/blog.aureakinesis.fr\/wp-content\/uploads\/2022\/10\/Anatomy-trains-237x300.png 237w, https:\/\/blog.aureakinesis.fr\/wp-content\/uploads\/2022\/10\/Anatomy-trains-810x1024.png 810w, https:\/\/blog.aureakinesis.fr\/wp-content\/uploads\/2022\/10\/Anatomy-trains-768x971.png 768w, https:\/\/blog.aureakinesis.fr\/wp-content\/uploads\/2022\/10\/Anatomy-trains-1215x1536.png 1215w, https:\/\/blog.aureakinesis.fr\/wp-content\/uploads\/2022\/10\/Anatomy-trains-1200x1517.png 1200w\" sizes=\"(max-width: 1364px) 100vw, 1364px\" \/><\/a><\/figure><div class=\"wp-block-media-text__content\">\n<p>Cette premi\u00e8re \u00e9dition en langue fran\u00e7aise du best-seller mondial, Anatomy Trains\u00ae,va transformer et \u00e9clairer votre perception des r\u00e9seaux myofasciaux. Anatomy Trains\u00ae : concepts et philosophie L\u2019\u00e9tude traditionnelle de l\u2019anatomie met l\u2019accent sur les muscles \u2013 consid\u00e9r\u00e9s de fa\u00e7on individuelle \u2013 et reli\u00e9s par chacune de leurs extr\u00e9mit\u00e9s d\u2019un os \u00e0 l\u2019autre. Anatomy Trains\u00ae \u00e9largit cette approche et r\u00e9volutionne les concepts traditionnels. L\u2019ouvrage met l\u2019accent sur le principe d\u2019int\u00e9grit\u00e9 et de continuit\u00e9 corporelle fonctionnelle exerc\u00e9 au sein du r\u00e9seau myofascial. La m\u00e9taphore est simple : le r\u00e9seau myofascial fonctionne \u00e0 l\u2019image d\u2019un r\u00e9seau de voies ferr\u00e9es. Stabilit\u00e9, contrainte, tension, fixation, r\u00e9silience et compensation posturales sont toutes distribu\u00e9es selon des lignes corporelles.<\/p>\n<\/div><\/div>\n\n\n\n<div class=\"wp-block-media-text alignwide is-stacked-on-mobile\" style=\"grid-template-columns:43% auto\"><figure class=\"wp-block-media-text__media\"><a href=\"https:\/\/livre.fnac.com\/a12599882\/James-Earl-Liberation-faciale-et-equilibre-structural\" target=\"_blank\" rel=\"noreferrer noopener\"><img loading=\"lazy\" decoding=\"async\" width=\"787\" height=\"1024\" src=\"https:\/\/blog.aureakinesis.fr\/wp-content\/uploads\/2022\/10\/Libe\u0301ration-fasciale-et-e\u0301quilibre-structural-787x1024.png\" alt=\"\" class=\"wp-image-525 size-full\" srcset=\"https:\/\/blog.aureakinesis.fr\/wp-content\/uploads\/2022\/10\/Libe\u0301ration-fasciale-et-e\u0301quilibre-structural-787x1024.png 787w, https:\/\/blog.aureakinesis.fr\/wp-content\/uploads\/2022\/10\/Libe\u0301ration-fasciale-et-e\u0301quilibre-structural-231x300.png 231w, https:\/\/blog.aureakinesis.fr\/wp-content\/uploads\/2022\/10\/Libe\u0301ration-fasciale-et-e\u0301quilibre-structural-768x999.png 768w, https:\/\/blog.aureakinesis.fr\/wp-content\/uploads\/2022\/10\/Libe\u0301ration-fasciale-et-e\u0301quilibre-structural.png 798w\" sizes=\"(max-width: 787px) 100vw, 787px\" \/><\/a><\/figure><div class=\"wp-block-media-text__content\">\n<p>Le fascia, le tissu biologique qui entoure les muscles, les os et les organes, joue un r\u00f4le crucial dans la mobilit\u00e9 et la stabilit\u00e9 du corps. En apprenant \u00e0 travailler intelligemment sur les diff\u00e9rents tissus fasciaux, un th\u00e9rapeute manuel peut aider \u00e0 am\u00e9liorer de nombreux \u00e9tats chroniques, apportant souvent un soulagement imm\u00e9diat et durable de la douleur, et r\u00e9duisant les tensions qui contribuent \u00e0 limiter le mouvement. Les auteurs montrent qu\u2019approcher les restrictions fasciales demande \u00ab un \u0153il diff\u00e9rent, un toucher diff\u00e9rent et des techniques sp\u00e9cifiques au tissu \u00bb. Incluant les r\u00e9sultats de la recherche actuelle sur le traitement du fascia et du myofascia, ils offrent au lecteur des m\u00e9thodes d\u2019examen sophistiqu\u00e9es pour explorer les relations entre structure anatomique et fonction, faisant de cette \u00e9dition mise \u00e0 jour un guide essentiel pour donner des traitements efficaces et cr\u00e9er un changement syst\u00e9mique dans la posture et la fonction des patients.<\/p>\n<\/div><\/div>\n\n\n\n<div class=\"wp-block-columns alignwide has-subtle-background-background-color has-background is-layout-flex wp-container-core-columns-is-layout-9d6595d7 wp-block-columns-is-layout-flex\">\n<div class=\"wp-block-column is-layout-flow wp-block-column-is-layout-flow\" style=\"flex-basis:25%\">\n<h5 class=\"wp-block-heading\">Vid\u00e9ographie<\/h5>\n\n\n\n<ul class=\"wp-block-list\"><li><a href=\"https:\/\/www.arte.tv\/fr\/videos\/070788-000-A\/les-allies-caches-de-notre-organisme-les-fascias\/\" target=\"_blank\" rel=\"noreferrer noopener\">\u00ab&nbsp;Les alli\u00e9s cach\u00e9s de notre organisme &#8211; Les fascias&nbsp;\u00bb,&nbsp;<em>ARTE<\/em>, Kirsten Esch, Allemagne, 2017<\/a><small>&nbsp;<\/small><\/li><li>SED&#8217;in FRANCE,&nbsp;<a href=\"https:\/\/www.youtube.com\/watch?v=ilturSc3t_c\" target=\"_blank\" rel=\"noreferrer noopener\">Xenius &#8211; Indispensables fascias &#8211; ARTE<\/a><small>&nbsp; <\/small>sur&nbsp;<em>YouTube<\/em>,&nbsp;28 novembre 2019.<\/li><\/ul>\n<\/div>\n\n\n\n<div class=\"wp-block-column is-layout-flow wp-block-column-is-layout-flow\" style=\"flex-basis:50%\">\n<h5 class=\"wp-block-heading\">Bibliographie<\/h5>\n\n\n\n<ul class=\"wp-block-list\"><li>Serge&nbsp;Paoletti,&nbsp;Les Fascias&nbsp;: r\u00f4le des tissus dans la m\u00e9canique humaine, Vannes, Sully,&nbsp;2002, 245&nbsp;p.<\/li><li>Myers, T. W., &amp; Hillman, S. K. (2004). Anatomy trains. Primal Pictures Limited.&nbsp;<small><a href=\"https:\/\/www.anatomytrains.com\/wp-content\/uploads\/2012\/07\/dissection.pdf\">lire en ligne<\/a><\/small><\/li><li>(Anglais)&nbsp;Mike&nbsp;Benjamin,&nbsp;\u00ab&nbsp;The fascia of the limbs and back &#8211; a review&nbsp;\u00bb,&nbsp;<em>Journal of Anatomy<\/em>,&nbsp;vol.&nbsp;214,&nbsp;n<sup>o<\/sup>&nbsp;1,\u200e&nbsp;janvier 2009,&nbsp;p.&nbsp;1\u201318&nbsp;<small>(&nbsp;<a href=\"https:\/\/onlinelibrary.wiley.com\/doi\/abs\/10.1111\/j.1469-7580.2008.01011.x\">lire en ligne<\/a>&nbsp;)<\/small><\/li><li>(Anglais)&nbsp;Robert Schleip, Thomas W. Findley, Leon Chaitow, Peter Huijing,&nbsp;Fascia: The Tensional Network of the Human Body, Elsevier Health Sciences,&nbsp;2013, 566&nbsp;p.<\/li><li>Carla Stecco,&nbsp;Atlas fonctionnel du syst\u00e8me fascial humain &#8211; Grand Format, Tita \u00c9ditions,&nbsp;2020, 289&nbsp;p.<\/li><\/ul>\n<\/div>\n\n\n\n<div class=\"wp-block-column is-layout-flow wp-block-column-is-layout-flow\" style=\"flex-basis:25%\">\n<h5 class=\"wp-block-heading\">Articles connexes<\/h5>\n\n\n\n<ul class=\"wp-block-list\"><li><a href=\"https:\/\/blog.aureakinesis.fr\/index.php\/2022\/09\/25\/quest-ce-que-les-fascias\/\" target=\"_blank\" rel=\"noreferrer noopener\">Les fascias et la fasciath\u00e9rapie<\/a><\/li><li><a href=\"https:\/\/fr.wikipedia.org\/wiki\/Th%C3%A9rapies_des_fascias\" target=\"_blank\" rel=\"noreferrer noopener\">Th\u00e9rapies des fascias<\/a><\/li><li><a href=\"https:\/\/fr.wikipedia.org\/wiki\/Ost%C3%A9opathie\" target=\"_blank\" rel=\"noreferrer noopener\">Ost\u00e9opathie<\/a><\/li><li><a href=\"https:\/\/fr.wikipedia.org\/wiki\/Rolfing\" target=\"_blank\" rel=\"noreferrer noopener\">Rolfing<\/a>,&nbsp;<a href=\"https:\/\/fr.wikipedia.org\/wiki\/%C3%89tirement\">\u00e9tirements<\/a><\/li><li><a href=\"https:\/\/fr.wikipedia.org\/wiki\/Acide_hyaluronique\" target=\"_blank\" rel=\"noreferrer noopener\">Acide hyaluronique<\/a><\/li><li><a href=\"https:\/\/fr.wikipedia.org\/wiki\/Biom%C3%A9canique\" target=\"_blank\" rel=\"noreferrer noopener\">Biom\u00e9canique<\/a><\/li><\/ul>\n<\/div>\n<\/div>\n<\/div><\/div>\n","protected":false},"excerpt":{"rendered":"<p>Gros plan sur notre tissu fascial. Un article plein de photos, d&#8217;ouvrages de r\u00e9f\u00e9rence et une merveilleuse vid\u00e9o. Vous deviendrez incollable sur les fascias.<\/p>\n","protected":false},"author":2,"featured_media":329,"comment_status":"open","ping_status":"open","sticky":false,"template":"","format":"standard","meta":{"footnotes":""},"categories":[7],"tags":[9],"class_list":["post-142","post","type-post","status-publish","format-standard","has-post-thumbnail","hentry","category-les-fascias","tag-soulager-la-douleur"],"yoast_head":"<!-- This site is optimized with the Yoast SEO plugin v27.4 - https:\/\/yoast.com\/product\/yoast-seo-wordpress\/ -->\n<title>Les fascias, c&#039;est quoi? - Aur\u00e9a Kin\u00e9sis - le blog<\/title>\n<meta name=\"description\" content=\"Comprendre les fascias. Photos, ouvrages de r\u00e9f\u00e9rence et une merveilleuse vid\u00e9o composent cet article. Devenez incollable sur les fascias.\" \/>\n<meta name=\"robots\" content=\"index, follow, max-snippet:-1, max-image-preview:large, max-video-preview:-1\" \/>\n<link rel=\"canonical\" href=\"https:\/\/blog.aureakinesis.fr\/index.php\/2022\/09\/28\/comprendre-les-fascias\/\" \/>\n<meta property=\"og:locale\" content=\"en_US\" \/>\n<meta property=\"og:type\" content=\"article\" \/>\n<meta property=\"og:title\" content=\"Les fascias, c&#039;est quoi? - Aur\u00e9a Kin\u00e9sis - le blog\" \/>\n<meta property=\"og:description\" content=\"Comprendre les fascias. Photos, ouvrages de r\u00e9f\u00e9rence et une merveilleuse vid\u00e9o composent cet article. Devenez incollable sur les fascias.\" \/>\n<meta property=\"og:url\" content=\"https:\/\/blog.aureakinesis.fr\/index.php\/2022\/09\/28\/comprendre-les-fascias\/\" \/>\n<meta property=\"og:site_name\" content=\"Aur\u00e9a Kin\u00e9sis - le blog\" \/>\n<meta property=\"article:publisher\" content=\"https:\/\/www.facebook.com\/Aurea-Kinesis-massage-bien-etre-110943121694735\" \/>\n<meta property=\"article:published_time\" content=\"2022-09-28T13:59:42+00:00\" \/>\n<meta property=\"article:modified_time\" content=\"2022-10-25T19:54:42+00:00\" \/>\n<meta property=\"og:image\" content=\"https:\/\/blog.aureakinesis.fr\/wp-content\/uploads\/2022\/10\/vue-microscopique-dun-re\u0301seau-de-fascias-3.png\" \/>\n\t<meta property=\"og:image:width\" content=\"600\" \/>\n\t<meta property=\"og:image:height\" content=\"327\" \/>\n\t<meta property=\"og:image:type\" content=\"image\/png\" \/>\n<meta name=\"author\" content=\"Aur\u00e9a Kin\u00e9sis\" \/>\n<meta name=\"twitter:card\" content=\"summary_large_image\" \/>\n<meta name=\"twitter:label1\" content=\"Written by\" \/>\n\t<meta name=\"twitter:data1\" content=\"Aur\u00e9a Kin\u00e9sis\" \/>\n\t<meta name=\"twitter:label2\" content=\"Est. reading time\" \/>\n\t<meta name=\"twitter:data2\" content=\"8 minutes\" \/>\n<script type=\"application\/ld+json\" class=\"yoast-schema-graph\">{\"@context\":\"https:\\\/\\\/schema.org\",\"@graph\":[{\"@type\":\"Article\",\"@id\":\"https:\\\/\\\/blog.aureakinesis.fr\\\/index.php\\\/2022\\\/09\\\/28\\\/comprendre-les-fascias\\\/#article\",\"isPartOf\":{\"@id\":\"https:\\\/\\\/blog.aureakinesis.fr\\\/index.php\\\/2022\\\/09\\\/28\\\/comprendre-les-fascias\\\/\"},\"author\":{\"name\":\"Aur\u00e9a Kin\u00e9sis\",\"@id\":\"https:\\\/\\\/blog.aureakinesis.fr\\\/#\\\/schema\\\/person\\\/397f00d7b1d8fcf3f373e8c6a98b20d3\"},\"headline\":\"Les fascias, c&#8217;est quoi?\",\"datePublished\":\"2022-09-28T13:59:42+00:00\",\"dateModified\":\"2022-10-25T19:54:42+00:00\",\"mainEntityOfPage\":{\"@id\":\"https:\\\/\\\/blog.aureakinesis.fr\\\/index.php\\\/2022\\\/09\\\/28\\\/comprendre-les-fascias\\\/\"},\"wordCount\":1388,\"commentCount\":0,\"publisher\":{\"@id\":\"https:\\\/\\\/blog.aureakinesis.fr\\\/#organization\"},\"image\":{\"@id\":\"https:\\\/\\\/blog.aureakinesis.fr\\\/index.php\\\/2022\\\/09\\\/28\\\/comprendre-les-fascias\\\/#primaryimage\"},\"thumbnailUrl\":\"https:\\\/\\\/blog.aureakinesis.fr\\\/wp-content\\\/uploads\\\/2022\\\/10\\\/vue-microscopique-dun-re\u0301seau-de-fascias-3.png\",\"keywords\":[\"Soulager la douleur\"],\"articleSection\":[\"Les fascias\"],\"inLanguage\":\"en-US\",\"potentialAction\":[{\"@type\":\"CommentAction\",\"name\":\"Comment\",\"target\":[\"https:\\\/\\\/blog.aureakinesis.fr\\\/index.php\\\/2022\\\/09\\\/28\\\/comprendre-les-fascias\\\/#respond\"]}]},{\"@type\":\"WebPage\",\"@id\":\"https:\\\/\\\/blog.aureakinesis.fr\\\/index.php\\\/2022\\\/09\\\/28\\\/comprendre-les-fascias\\\/\",\"url\":\"https:\\\/\\\/blog.aureakinesis.fr\\\/index.php\\\/2022\\\/09\\\/28\\\/comprendre-les-fascias\\\/\",\"name\":\"Les fascias, c'est quoi? - Aur\u00e9a Kin\u00e9sis - le blog\",\"isPartOf\":{\"@id\":\"https:\\\/\\\/blog.aureakinesis.fr\\\/#website\"},\"primaryImageOfPage\":{\"@id\":\"https:\\\/\\\/blog.aureakinesis.fr\\\/index.php\\\/2022\\\/09\\\/28\\\/comprendre-les-fascias\\\/#primaryimage\"},\"image\":{\"@id\":\"https:\\\/\\\/blog.aureakinesis.fr\\\/index.php\\\/2022\\\/09\\\/28\\\/comprendre-les-fascias\\\/#primaryimage\"},\"thumbnailUrl\":\"https:\\\/\\\/blog.aureakinesis.fr\\\/wp-content\\\/uploads\\\/2022\\\/10\\\/vue-microscopique-dun-re\u0301seau-de-fascias-3.png\",\"datePublished\":\"2022-09-28T13:59:42+00:00\",\"dateModified\":\"2022-10-25T19:54:42+00:00\",\"description\":\"Comprendre les fascias. Photos, ouvrages de r\u00e9f\u00e9rence et une merveilleuse vid\u00e9o composent cet article. Devenez incollable sur les fascias.\",\"breadcrumb\":{\"@id\":\"https:\\\/\\\/blog.aureakinesis.fr\\\/index.php\\\/2022\\\/09\\\/28\\\/comprendre-les-fascias\\\/#breadcrumb\"},\"inLanguage\":\"en-US\",\"potentialAction\":[{\"@type\":\"ReadAction\",\"target\":[\"https:\\\/\\\/blog.aureakinesis.fr\\\/index.php\\\/2022\\\/09\\\/28\\\/comprendre-les-fascias\\\/\"]}]},{\"@type\":\"ImageObject\",\"inLanguage\":\"en-US\",\"@id\":\"https:\\\/\\\/blog.aureakinesis.fr\\\/index.php\\\/2022\\\/09\\\/28\\\/comprendre-les-fascias\\\/#primaryimage\",\"url\":\"https:\\\/\\\/blog.aureakinesis.fr\\\/wp-content\\\/uploads\\\/2022\\\/10\\\/vue-microscopique-dun-re\u0301seau-de-fascias-3.png\",\"contentUrl\":\"https:\\\/\\\/blog.aureakinesis.fr\\\/wp-content\\\/uploads\\\/2022\\\/10\\\/vue-microscopique-dun-re\u0301seau-de-fascias-3.png\",\"width\":600,\"height\":327},{\"@type\":\"BreadcrumbList\",\"@id\":\"https:\\\/\\\/blog.aureakinesis.fr\\\/index.php\\\/2022\\\/09\\\/28\\\/comprendre-les-fascias\\\/#breadcrumb\",\"itemListElement\":[{\"@type\":\"ListItem\",\"position\":1,\"name\":\"Accueil\",\"item\":\"https:\\\/\\\/blog.aureakinesis.fr\\\/\"},{\"@type\":\"ListItem\",\"position\":2,\"name\":\"Les fascias\",\"item\":\"https:\\\/\\\/blog.aureakinesis.fr\\\/index.php\\\/category\\\/les-fascias\\\/\"},{\"@type\":\"ListItem\",\"position\":3,\"name\":\"Les fascias, c&rsquo;est quoi?\"}]},{\"@type\":\"WebSite\",\"@id\":\"https:\\\/\\\/blog.aureakinesis.fr\\\/#website\",\"url\":\"https:\\\/\\\/blog.aureakinesis.fr\\\/\",\"name\":\"Aur\u00e9a Kin\u00e9sis - le blog\",\"description\":\"\",\"publisher\":{\"@id\":\"https:\\\/\\\/blog.aureakinesis.fr\\\/#organization\"},\"potentialAction\":[{\"@type\":\"SearchAction\",\"target\":{\"@type\":\"EntryPoint\",\"urlTemplate\":\"https:\\\/\\\/blog.aureakinesis.fr\\\/?s={search_term_string}\"},\"query-input\":{\"@type\":\"PropertyValueSpecification\",\"valueRequired\":true,\"valueName\":\"search_term_string\"}}],\"inLanguage\":\"en-US\"},{\"@type\":\"Organization\",\"@id\":\"https:\\\/\\\/blog.aureakinesis.fr\\\/#organization\",\"name\":\"Aur\u00e9a Kin\u00e9sis - le blog\",\"url\":\"https:\\\/\\\/blog.aureakinesis.fr\\\/\",\"logo\":{\"@type\":\"ImageObject\",\"inLanguage\":\"en-US\",\"@id\":\"https:\\\/\\\/blog.aureakinesis.fr\\\/#\\\/schema\\\/logo\\\/image\\\/\",\"url\":\"https:\\\/\\\/blog.aureakinesis.fr\\\/wp-content\\\/uploads\\\/2022\\\/09\\\/Logo_noir_025.png\",\"contentUrl\":\"https:\\\/\\\/blog.aureakinesis.fr\\\/wp-content\\\/uploads\\\/2022\\\/09\\\/Logo_noir_025.png\",\"width\":902,\"height\":439,\"caption\":\"Aur\u00e9a Kin\u00e9sis - le blog\"},\"image\":{\"@id\":\"https:\\\/\\\/blog.aureakinesis.fr\\\/#\\\/schema\\\/logo\\\/image\\\/\"},\"sameAs\":[\"https:\\\/\\\/www.facebook.com\\\/Aurea-Kinesis-massage-bien-etre-110943121694735\",\"https:\\\/\\\/www.instagram.com\\\/aurea.kinesis\\\/\"]},{\"@type\":\"Person\",\"@id\":\"https:\\\/\\\/blog.aureakinesis.fr\\\/#\\\/schema\\\/person\\\/397f00d7b1d8fcf3f373e8c6a98b20d3\",\"name\":\"Aur\u00e9a Kin\u00e9sis\",\"image\":{\"@type\":\"ImageObject\",\"inLanguage\":\"en-US\",\"@id\":\"https:\\\/\\\/secure.gravatar.com\\\/avatar\\\/b4055052f3b11c28696b040ec84003f2a76303a4e17c24a79627e8955742add8?s=96&d=mm&r=g\",\"url\":\"https:\\\/\\\/secure.gravatar.com\\\/avatar\\\/b4055052f3b11c28696b040ec84003f2a76303a4e17c24a79627e8955742add8?s=96&d=mm&r=g\",\"contentUrl\":\"https:\\\/\\\/secure.gravatar.com\\\/avatar\\\/b4055052f3b11c28696b040ec84003f2a76303a4e17c24a79627e8955742add8?s=96&d=mm&r=g\",\"caption\":\"Aur\u00e9a Kin\u00e9sis\"},\"sameAs\":[\"http:\\\/\\\/www.aureakinesis.fr\"],\"url\":\"https:\\\/\\\/blog.aureakinesis.fr\\\/index.php\\\/author\\\/aureakinesis\\\/\"}]}<\/script>\n<!-- \/ Yoast SEO plugin. -->","yoast_head_json":{"title":"Les fascias, c'est quoi? - Aur\u00e9a Kin\u00e9sis - le blog","description":"Comprendre les fascias. Photos, ouvrages de r\u00e9f\u00e9rence et une merveilleuse vid\u00e9o composent cet article. Devenez incollable sur les fascias.","robots":{"index":"index","follow":"follow","max-snippet":"max-snippet:-1","max-image-preview":"max-image-preview:large","max-video-preview":"max-video-preview:-1"},"canonical":"https:\/\/blog.aureakinesis.fr\/index.php\/2022\/09\/28\/comprendre-les-fascias\/","og_locale":"en_US","og_type":"article","og_title":"Les fascias, c'est quoi? - Aur\u00e9a Kin\u00e9sis - le blog","og_description":"Comprendre les fascias. Photos, ouvrages de r\u00e9f\u00e9rence et une merveilleuse vid\u00e9o composent cet article. Devenez incollable sur les fascias.","og_url":"https:\/\/blog.aureakinesis.fr\/index.php\/2022\/09\/28\/comprendre-les-fascias\/","og_site_name":"Aur\u00e9a Kin\u00e9sis - le blog","article_publisher":"https:\/\/www.facebook.com\/Aurea-Kinesis-massage-bien-etre-110943121694735","article_published_time":"2022-09-28T13:59:42+00:00","article_modified_time":"2022-10-25T19:54:42+00:00","og_image":[{"width":600,"height":327,"url":"https:\/\/blog.aureakinesis.fr\/wp-content\/uploads\/2022\/10\/vue-microscopique-dun-re\u0301seau-de-fascias-3.png","type":"image\/png"}],"author":"Aur\u00e9a Kin\u00e9sis","twitter_card":"summary_large_image","twitter_misc":{"Written by":"Aur\u00e9a Kin\u00e9sis","Est. reading time":"8 minutes"},"schema":{"@context":"https:\/\/schema.org","@graph":[{"@type":"Article","@id":"https:\/\/blog.aureakinesis.fr\/index.php\/2022\/09\/28\/comprendre-les-fascias\/#article","isPartOf":{"@id":"https:\/\/blog.aureakinesis.fr\/index.php\/2022\/09\/28\/comprendre-les-fascias\/"},"author":{"name":"Aur\u00e9a Kin\u00e9sis","@id":"https:\/\/blog.aureakinesis.fr\/#\/schema\/person\/397f00d7b1d8fcf3f373e8c6a98b20d3"},"headline":"Les fascias, c&#8217;est quoi?","datePublished":"2022-09-28T13:59:42+00:00","dateModified":"2022-10-25T19:54:42+00:00","mainEntityOfPage":{"@id":"https:\/\/blog.aureakinesis.fr\/index.php\/2022\/09\/28\/comprendre-les-fascias\/"},"wordCount":1388,"commentCount":0,"publisher":{"@id":"https:\/\/blog.aureakinesis.fr\/#organization"},"image":{"@id":"https:\/\/blog.aureakinesis.fr\/index.php\/2022\/09\/28\/comprendre-les-fascias\/#primaryimage"},"thumbnailUrl":"https:\/\/blog.aureakinesis.fr\/wp-content\/uploads\/2022\/10\/vue-microscopique-dun-re\u0301seau-de-fascias-3.png","keywords":["Soulager la douleur"],"articleSection":["Les fascias"],"inLanguage":"en-US","potentialAction":[{"@type":"CommentAction","name":"Comment","target":["https:\/\/blog.aureakinesis.fr\/index.php\/2022\/09\/28\/comprendre-les-fascias\/#respond"]}]},{"@type":"WebPage","@id":"https:\/\/blog.aureakinesis.fr\/index.php\/2022\/09\/28\/comprendre-les-fascias\/","url":"https:\/\/blog.aureakinesis.fr\/index.php\/2022\/09\/28\/comprendre-les-fascias\/","name":"Les fascias, c'est quoi? - Aur\u00e9a Kin\u00e9sis - le blog","isPartOf":{"@id":"https:\/\/blog.aureakinesis.fr\/#website"},"primaryImageOfPage":{"@id":"https:\/\/blog.aureakinesis.fr\/index.php\/2022\/09\/28\/comprendre-les-fascias\/#primaryimage"},"image":{"@id":"https:\/\/blog.aureakinesis.fr\/index.php\/2022\/09\/28\/comprendre-les-fascias\/#primaryimage"},"thumbnailUrl":"https:\/\/blog.aureakinesis.fr\/wp-content\/uploads\/2022\/10\/vue-microscopique-dun-re\u0301seau-de-fascias-3.png","datePublished":"2022-09-28T13:59:42+00:00","dateModified":"2022-10-25T19:54:42+00:00","description":"Comprendre les fascias. Photos, ouvrages de r\u00e9f\u00e9rence et une merveilleuse vid\u00e9o composent cet article. Devenez incollable sur les fascias.","breadcrumb":{"@id":"https:\/\/blog.aureakinesis.fr\/index.php\/2022\/09\/28\/comprendre-les-fascias\/#breadcrumb"},"inLanguage":"en-US","potentialAction":[{"@type":"ReadAction","target":["https:\/\/blog.aureakinesis.fr\/index.php\/2022\/09\/28\/comprendre-les-fascias\/"]}]},{"@type":"ImageObject","inLanguage":"en-US","@id":"https:\/\/blog.aureakinesis.fr\/index.php\/2022\/09\/28\/comprendre-les-fascias\/#primaryimage","url":"https:\/\/blog.aureakinesis.fr\/wp-content\/uploads\/2022\/10\/vue-microscopique-dun-re\u0301seau-de-fascias-3.png","contentUrl":"https:\/\/blog.aureakinesis.fr\/wp-content\/uploads\/2022\/10\/vue-microscopique-dun-re\u0301seau-de-fascias-3.png","width":600,"height":327},{"@type":"BreadcrumbList","@id":"https:\/\/blog.aureakinesis.fr\/index.php\/2022\/09\/28\/comprendre-les-fascias\/#breadcrumb","itemListElement":[{"@type":"ListItem","position":1,"name":"Accueil","item":"https:\/\/blog.aureakinesis.fr\/"},{"@type":"ListItem","position":2,"name":"Les fascias","item":"https:\/\/blog.aureakinesis.fr\/index.php\/category\/les-fascias\/"},{"@type":"ListItem","position":3,"name":"Les fascias, c&rsquo;est quoi?"}]},{"@type":"WebSite","@id":"https:\/\/blog.aureakinesis.fr\/#website","url":"https:\/\/blog.aureakinesis.fr\/","name":"Aur\u00e9a Kin\u00e9sis - le blog","description":"","publisher":{"@id":"https:\/\/blog.aureakinesis.fr\/#organization"},"potentialAction":[{"@type":"SearchAction","target":{"@type":"EntryPoint","urlTemplate":"https:\/\/blog.aureakinesis.fr\/?s={search_term_string}"},"query-input":{"@type":"PropertyValueSpecification","valueRequired":true,"valueName":"search_term_string"}}],"inLanguage":"en-US"},{"@type":"Organization","@id":"https:\/\/blog.aureakinesis.fr\/#organization","name":"Aur\u00e9a Kin\u00e9sis - le blog","url":"https:\/\/blog.aureakinesis.fr\/","logo":{"@type":"ImageObject","inLanguage":"en-US","@id":"https:\/\/blog.aureakinesis.fr\/#\/schema\/logo\/image\/","url":"https:\/\/blog.aureakinesis.fr\/wp-content\/uploads\/2022\/09\/Logo_noir_025.png","contentUrl":"https:\/\/blog.aureakinesis.fr\/wp-content\/uploads\/2022\/09\/Logo_noir_025.png","width":902,"height":439,"caption":"Aur\u00e9a Kin\u00e9sis - le blog"},"image":{"@id":"https:\/\/blog.aureakinesis.fr\/#\/schema\/logo\/image\/"},"sameAs":["https:\/\/www.facebook.com\/Aurea-Kinesis-massage-bien-etre-110943121694735","https:\/\/www.instagram.com\/aurea.kinesis\/"]},{"@type":"Person","@id":"https:\/\/blog.aureakinesis.fr\/#\/schema\/person\/397f00d7b1d8fcf3f373e8c6a98b20d3","name":"Aur\u00e9a Kin\u00e9sis","image":{"@type":"ImageObject","inLanguage":"en-US","@id":"https:\/\/secure.gravatar.com\/avatar\/b4055052f3b11c28696b040ec84003f2a76303a4e17c24a79627e8955742add8?s=96&d=mm&r=g","url":"https:\/\/secure.gravatar.com\/avatar\/b4055052f3b11c28696b040ec84003f2a76303a4e17c24a79627e8955742add8?s=96&d=mm&r=g","contentUrl":"https:\/\/secure.gravatar.com\/avatar\/b4055052f3b11c28696b040ec84003f2a76303a4e17c24a79627e8955742add8?s=96&d=mm&r=g","caption":"Aur\u00e9a Kin\u00e9sis"},"sameAs":["http:\/\/www.aureakinesis.fr"],"url":"https:\/\/blog.aureakinesis.fr\/index.php\/author\/aureakinesis\/"}]}},"_links":{"self":[{"href":"https:\/\/blog.aureakinesis.fr\/index.php\/wp-json\/wp\/v2\/posts\/142","targetHints":{"allow":["GET"]}}],"collection":[{"href":"https:\/\/blog.aureakinesis.fr\/index.php\/wp-json\/wp\/v2\/posts"}],"about":[{"href":"https:\/\/blog.aureakinesis.fr\/index.php\/wp-json\/wp\/v2\/types\/post"}],"author":[{"embeddable":true,"href":"https:\/\/blog.aureakinesis.fr\/index.php\/wp-json\/wp\/v2\/users\/2"}],"replies":[{"embeddable":true,"href":"https:\/\/blog.aureakinesis.fr\/index.php\/wp-json\/wp\/v2\/comments?post=142"}],"version-history":[{"count":56,"href":"https:\/\/blog.aureakinesis.fr\/index.php\/wp-json\/wp\/v2\/posts\/142\/revisions"}],"predecessor-version":[{"id":597,"href":"https:\/\/blog.aureakinesis.fr\/index.php\/wp-json\/wp\/v2\/posts\/142\/revisions\/597"}],"wp:featuredmedia":[{"embeddable":true,"href":"https:\/\/blog.aureakinesis.fr\/index.php\/wp-json\/wp\/v2\/media\/329"}],"wp:attachment":[{"href":"https:\/\/blog.aureakinesis.fr\/index.php\/wp-json\/wp\/v2\/media?parent=142"}],"wp:term":[{"taxonomy":"category","embeddable":true,"href":"https:\/\/blog.aureakinesis.fr\/index.php\/wp-json\/wp\/v2\/categories?post=142"},{"taxonomy":"post_tag","embeddable":true,"href":"https:\/\/blog.aureakinesis.fr\/index.php\/wp-json\/wp\/v2\/tags?post=142"}],"curies":[{"name":"wp","href":"https:\/\/api.w.org\/{rel}","templated":true}]}}